{"id":6,"date":"2021-10-22T12:54:39","date_gmt":"2021-10-22T10:54:39","guid":{"rendered":"https:\/\/wordpress.vc-dornheim.de\/?p=6"},"modified":"2021-11-28T10:02:28","modified_gmt":"2021-11-28T09:02:28","slug":"test-witold","status":"publish","type":"post","link":"https:\/\/vc-dornheim.de\/?p=6","title":{"rendered":"Saisonvorbereitung 2021\/2022"},"content":{"rendered":"\n<p>Nach einer erfolgreichen Mixedrunde 2018\/2019 mit Meistertitel entschieden die Volleyballerinnen und Volleyballer getrennte Wege zu gehen und meldeten f\u00fcr die Saison 2019\/2020 eine Damenmannschaft und eine Herrenmannschaft. Diese Runde startete f\u00fcr beide Mannschaften sehr erfreulich, schnell kletterten die Spielerinnen und Spieler des VC Dornheims an die Tabellenspitze. Im M\u00e4rz 2020 kam dann alles ganz anders als erwartet. Durch die Ausbreitung des Coronavirus wurde der Spielbetrieb kurz vor Saisonende relativ z\u00fcgig eingestellt und die vorhandenen Ergebnisse wurden als Grundlage zur Bewertung des Saisonabschlusses genutzt. Da die bereits gespielten Matches so erfolgreich waren, stand dem Aufstieg nichts mehr im Wege.<\/p>\n\n\n\n<!--more-->\n\n\n\n<p>Die Herren stiegen von der Kreis- in die Bezirksliga auf, die Damen von der Kreisklasse in die Kreisliga.<\/p>\n\n\n\n<p>Mit hoher Motivation nach diesem \u00fcberragenden Start warteten die Volleyballerinnen und Volleyballer auf die \u00d6ffnung der Hallen und die M\u00f6glichkeit wieder trainieren zu d\u00fcrfen.<\/p>\n\n\n\n<p>Nach eine langen Zwangstrainingspause konnte unter Einhaltung von Hygienekonzepten die Saisonvorbereitung 2020\/2021 beginnen. Nach einem erfolgreichen ersten Spieltag, wurde auch diese Saison Corona bedingt abgebrochen. Der Trainingsbetrieb musste ebenfalls Mitte Oktober eingestellt werden.<\/p>\n\n\n\n<p>Mit Individualsport und Fitnesseinheiten per Videokonferenz (Danke an Nadine und Igor&nbsp;J) versuchte sich jeder so gut es ging fit zu halten. Seit Juni stehen die Teams wieder ohne Einschr\u00e4nkung zusammen auf dem Feld und genie\u00dfen jede Minute, die mit Training in der Halle verbracht werden darf.<\/p>\n\n\n\n<p>Nun warten wir gespannt auf den Start der Saison 2021\/2022 und hoffen, dass diese ohne gr\u00f6\u00dfere Beschr\u00e4nkungen ausgef\u00fchrt werden darf.<\/p>\n\n\n\n<p>Bis dahin bringen die Trainer Sven und Hans die Mannschaften wieder auf Hochtouren.<\/p>\n\n\n\n<p>Voraussichtliche Heimspieltermine sind am 27.11.2021, 05.12.2021 und 22.01.2021.<\/p>\n\n\n\n<p>Wir hoffen, dass wir zu den Heimspielen G\u00e4ste begr\u00fc\u00dfen d\u00fcrfen und wir uns auf tatkr\u00e4ftige Unterst\u00fctzung freuen k\u00f6nnen.<\/p>\n","protected":false},"excerpt":{"rendered":"<p>Nach einer erfolgreichen Mixedrunde 2018\/2019 mit Meistertitel entschieden die Volleyballerinnen und Volleyballer getrennte Wege zu gehen und meldeten f\u00fcr die Saison 2019\/2020 eine Damenmannschaft und eine Herrenmannschaft. Diese Runde startete [&hellip;]<\/p>\n","protected":false},"author":4,"featured_media":0,"comment_status":"open","ping_status":"closed","sticky":false,"template":"","format":"standard","meta":{"site-sidebar-layout":"default","site-content-layout":"","ast-site-content-layout":"default","site-content-style":"default","site-sidebar-style":"default","ast-global-header-display":"","ast-banner-title-visibility":"","ast-main-header-display":"","ast-hfb-above-header-display":"","ast-hfb-below-header-display":"","ast-hfb-mobile-header-display":"","site-post-title":"","ast-breadcrumbs-content":"","ast-featured-img":"","footer-sml-layout":"","ast-disable-related-posts":"","theme-transparent-header-meta":"","adv-header-id-meta":"","stick-header-meta":"","header-above-stick-meta":"","header-main-stick-meta":"","header-below-stick-meta":"","astra-migrate-meta-layouts":"default","ast-page-background-enabled":"default","ast-page-background-meta":{"desktop":{"background-color":"var(--ast-global-color-4)","background-image":"","background-repeat":"repeat","background-position":"center center","background-size":"auto","background-attachment":"scroll","background-type":"","background-media":"","overlay-type":"","overlay-color":"","overlay-opacity":"","overlay-gradient":""},"tablet":{"background-color":"","background-image":"","background-repeat":"repeat","background-position":"center center","background-size":"auto","background-attachment":"scroll","background-type":"","background-media":"","overlay-type":"","overlay-color":"","overlay-opacity":"","overlay-gradient":""},"mobile":{"background-color":"","background-image":"","background-repeat":"repeat","background-position":"center center","background-size":"auto","background-attachment":"scroll","background-type":"","background-media":"","overlay-type":"","overlay-color":"","overlay-opacity":"","overlay-gradient":""}},"ast-content-background-meta":{"desktop":{"background-color":"var(--ast-global-color-5)","background-image":"","background-repeat":"repeat","background-position":"center center","background-size":"auto","background-attachment":"scroll","background-type":"","background-media":"","overlay-type":"","overlay-color":"","overlay-opacity":"","overlay-gradient":""},"tablet":{"background-color":"var(--ast-global-color-5)","background-image":"","background-repeat":"repeat","background-position":"center center","background-size":"auto","background-attachment":"scroll","background-type":"","background-media":"","overlay-type":"","overlay-color":"","overlay-opacity":"","overlay-gradient":""},"mobile":{"background-color":"var(--ast-global-color-5)","background-image":"","background-repeat":"repeat","background-position":"center center","background-size":"auto","background-attachment":"scroll","background-type":"","background-media":"","overlay-type":"","overlay-color":"","overlay-opacity":"","overlay-gradient":""}},"footnotes":""},"categories":[1],"tags":[],"class_list":["post-6","post","type-post","status-publish","format-standard","hentry","category-allgemein"],"_links":{"self":[{"href":"https:\/\/vc-dornheim.de\/index.php?rest_route=\/wp\/v2\/posts\/6","targetHints":{"allow":["GET"]}}],"collection":[{"href":"https:\/\/vc-dornheim.de\/index.php?rest_route=\/wp\/v2\/posts"}],"about":[{"href":"https:\/\/vc-dornheim.de\/index.php?rest_route=\/wp\/v2\/types\/post"}],"author":[{"embeddable":true,"href":"https:\/\/vc-dornheim.de\/index.php?rest_route=\/wp\/v2\/users\/4"}],"replies":[{"embeddable":true,"href":"https:\/\/vc-dornheim.de\/index.php?rest_route=%2Fwp%2Fv2%2Fcomments&post=6"}],"version-history":[{"count":2,"href":"https:\/\/vc-dornheim.de\/index.php?rest_route=\/wp\/v2\/posts\/6\/revisions"}],"predecessor-version":[{"id":464,"href":"https:\/\/vc-dornheim.de\/index.php?rest_route=\/wp\/v2\/posts\/6\/revisions\/464"}],"wp:attachment":[{"href":"https:\/\/vc-dornheim.de\/index.php?rest_route=%2Fwp%2Fv2%2Fmedia&parent=6"}],"wp:term":[{"taxonomy":"category","embeddable":true,"href":"https:\/\/vc-dornheim.de\/index.php?rest_route=%2Fwp%2Fv2%2Fcategories&post=6"},{"taxonomy":"post_tag","embeddable":true,"href":"https:\/\/vc-dornheim.de\/index.php?rest_route=%2Fwp%2Fv2%2Ftags&post=6"}],"curies":[{"name":"wp","href":"https:\/\/api.w.org\/{rel}","templated":true}]}}